{"id":5755,"date":"2026-03-11T17:43:37","date_gmt":"2026-03-11T17:43:37","guid":{"rendered":"https:\/\/ak-voelkerstrafrecht.org\/?p=5755"},"modified":"2026-04-13T07:55:14","modified_gmt":"2026-04-13T07:55:14","slug":"konferenz-the-future-of-international-criminal-law","status":"publish","type":"post","link":"https:\/\/ak-voelkerstrafrecht.org\/en\/konferenz-the-future-of-international-criminal-law\/","title":{"rendered":"Conference \u201eTHE FUTURE OF INTERNATIONAL CRIMINAL LAW\u201c"},"content":{"rendered":"<p>&#8222;<strong>WITH A SPECIAL FOCUS ON THE ICC\u201d<\/strong><\/p>\n\n\n\n<p>On Friday, 10 July 2026, Kai Ambos and Svenja Raube are hosting the conference \"The Future of International Criminal Law - with a special focus on the ICC\" at the Institute for Criminal Law and Criminal Justice of Georg August University of G\u00f6ttingen. The program as well as a possibility to sign up can be found <a href=\"https:\/\/uni-goettingen.de\/de\/697726.html\">here.<\/a><\/p>\n\n\n\n<p><\/p>","protected":false},"excerpt":{"rendered":"<p>&#8222;WITH A SPECIAL FOCUS ON THE ICC\u201d Am Freitag, dem 10. Juli 2026, veranstalten Kai Ambos und Svenja Raube am Institut f\u00fcr Kriminalwissenschaften der Georg-August-Universit\u00e4t G\u00f6ttingen die Konfernez &#8222;The Future of International Criminal Law &#8211; with a special focus on the ICC&#8220;. Das Tagungsprogramm sowie eine M\u00f6glichkeit zur Anmeldung finden Sie hier.<\/p>","protected":false},"author":9,"featured_media":5584,"comment_status":"open","ping_status":"open","sticky":false,"template":"","format":"standard","meta":{"_acf_changed":false,"footnotes":""},"categories":[26],"tags":[],"class_list":["post-5755","post","type-post","status-publish","format-standard","has-post-thumbnail","hentry","category-veranstaltungen"],"acf":[],"_links":{"self":[{"href":"https:\/\/ak-voelkerstrafrecht.org\/en\/wp-json\/wp\/v2\/posts\/5755","targetHints":{"allow":["GET"]}}],"collection":[{"href":"https:\/\/ak-voelkerstrafrecht.org\/en\/wp-json\/wp\/v2\/posts"}],"about":[{"href":"https:\/\/ak-voelkerstrafrecht.org\/en\/wp-json\/wp\/v2\/types\/post"}],"author":[{"embeddable":true,"href":"https:\/\/ak-voelkerstrafrecht.org\/en\/wp-json\/wp\/v2\/users\/9"}],"replies":[{"embeddable":true,"href":"https:\/\/ak-voelkerstrafrecht.org\/en\/wp-json\/wp\/v2\/comments?post=5755"}],"version-history":[{"count":4,"href":"https:\/\/ak-voelkerstrafrecht.org\/en\/wp-json\/wp\/v2\/posts\/5755\/revisions"}],"predecessor-version":[{"id":5785,"href":"https:\/\/ak-voelkerstrafrecht.org\/en\/wp-json\/wp\/v2\/posts\/5755\/revisions\/5785"}],"wp:featuredmedia":[{"embeddable":true,"href":"https:\/\/ak-voelkerstrafrecht.org\/en\/wp-json\/wp\/v2\/media\/5584"}],"wp:attachment":[{"href":"https:\/\/ak-voelkerstrafrecht.org\/en\/wp-json\/wp\/v2\/media?parent=5755"}],"wp:term":[{"taxonomy":"category","embeddable":true,"href":"https:\/\/ak-voelkerstrafrecht.org\/en\/wp-json\/wp\/v2\/categories?post=5755"},{"taxonomy":"post_tag","embeddable":true,"href":"https:\/\/ak-voelkerstrafrecht.org\/en\/wp-json\/wp\/v2\/tags?post=5755"}],"curies":[{"name":"wp","href":"https:\/\/api.w.org\/{rel}","templated":true}]}}